{"id":8310,"date":"2016-01-22T17:24:46","date_gmt":"2016-01-22T16:24:46","guid":{"rendered":"http:\/\/www.restovisio.com\/blog\/?p=8310"},"modified":"2016-10-06T16:52:42","modified_gmt":"2016-10-06T14:52:42","slug":"top-chef-saison-7-cest-reparti","status":"publish","type":"post","link":"https:\/\/www.restovisio.com\/blog\/general\/top-chef-saison-7-cest-reparti\/","title":{"rendered":"Top Chef saison 7, c&rsquo;est reparti !"},"content":{"rendered":"<p style=\"text-align: center;\"><strong>Top Chef Saison 7 , J- 3 !<\/strong><br \/>\nRendez-vous lundi 25 janvier \u00e0 20h50 sur M6 pour retrouver sans surprise nos 4 chefs jurys de <a href=\"https:\/\/www.facebook.com\/topchef.m6\">Top Chef<\/a> et 16 nouveaux candidats, choisis parmi les chefs ou sous chefs de France et de Belgique. Qui sont-ils ? Quel est le programme ? Quelles sont les \u00e9preuves ? HotelRestoVisio vous dit tout sur cette nouvelle saison !<\/p>\n<p><!--more--><\/p>\n<p><strong><em>On ne change pas une \u00e9quipe qui gagne !<\/em><\/strong><br \/>\nLe jury, vous le connaissez d\u00e9j\u00e0.<br \/>\n<a href=\"https:\/\/fr.wikipedia.org\/wiki\/Jean-Fran%C3%A7ois_Pi%C3%A8ge\">Jean-fran\u00e7ois Pi\u00e8ge<\/a>, sept ans apr\u00e8s, toujours pr\u00e9sent aupr\u00e8s des candidats. Le chef au coeur tendre de l&rsquo;\u00e9mission continuera \u00e0 suivre ses poulains et les poussera \u00e0 se l\u00e2cher toujours plus pour exprimer leur cr\u00e9ativit\u00e9.<br \/>\n<a href=\"https:\/\/fr.wikipedia.org\/wiki\/H%C3%A9l%C3%A8ne_Darroze\">H\u00e9l\u00e8ne Darroze<\/a>, la maman chef \u00e9toil\u00e9e suivra les candidats avec tout autant de douceur et de professionalisme.<br \/>\n<a href=\"https:\/\/fr.wikipedia.org\/wiki\/Michel_Sarran\">Michel Sarran<\/a> et son accent du Sud, le bon copain des candidats continuera \u00e0 leur apprendre la g\u00e9n\u00e9rosit\u00e9 des produits du Sud et d&rsquo;ailleurs avec le m\u00eame humour que l&rsquo;ann\u00e9e pass\u00e9e.<br \/>\nMais le jury Top Chef ne ferait pas autant d&rsquo;\u00e9tincelles sans la pr\u00e9sence explosif de <a href=\"https:\/\/fr.wikipedia.org\/wiki\/Philippe_Etchebest\">Philippe Etchebest<\/a> qu&rsquo;on ne pr\u00e9sente plus tant il est devenu l&rsquo;un des chefs les plus m\u00e9diatis\u00e9s ( <a href=\"http:\/\/www.m6.fr\/emission-cauchemar_en_cuisine\/emission-cauchemar_en_cuisine.html\">Cauchemar en cuisine<\/a>, <a href=\"http:\/\/www.m6.fr\/emission-objectif_top_chef\/\">Objectif Top chef<\/a>, Top chef, &#8230;) Allez, on l&rsquo;aime bien nous Philippe avec sa sensibilit\u00e9 et son coeur tendre bien cach\u00e9 !<\/p>\n<p><strong><em>Renouveau ? Nouvelles \u00e9preuves?<\/em><\/strong><\/p>\n<p>Difficile de faire encore plus diff\u00e9rent et de trouver de nouvelles id\u00e9es pour Top Chef Saison 7. Alors, cette ann\u00e9e la production a quand m\u00eame souhait\u00e9 pimenter les \u00e9preuves et inviter un parterre de chefs \u00e9toil\u00e9s de renom tout au long de l&rsquo;\u00e9mission ( toujours pr\u00e9sente par St\u00e9phane Rottenberg en passant). Vous retrouverez \u00e9videmment les 2 \u00e9preuves pr\u00e9f\u00e9r\u00e9es des t\u00e9l\u00e9spectateurs : L&rsquo;\u00e9preuve de la bo\u00eete noire et la guerre des restos.<\/p>\n<p>Rappelez-vous, la fameuse bo\u00eete noire &#8230; les candidats doivent reproduire un plat en l&rsquo;ayant simplement touch\u00e9 et d\u00e9gust\u00e9 en quelques secondes. Cette ann\u00e9e, le jury de chefs s&rsquo;y collent aussi et affrontera une \u00e9quipe de candidats pour la fameuse \u00e9preuve de la bo\u00eete noire !\u00a0La guerre des restos arborera quelques changements mais ils ne sont pas plus communiqu\u00e9s. Une nouvelle \u00e9preuve aura lieu mettant aussi en sc\u00e8ne les chef Philippe Etchebest et Michel Sarran en tant que commis de candidats. Action et humour seront au rendez-vous !<\/p>\n<p><strong><em>Toujours plus ?\u00a0<\/em><\/strong><\/p>\n<p>Un parterre de chefs \u00e9toil\u00e9s d\u00e9filera tout au long de l&rsquo;\u00e9mission : Michel Gu\u00e9rard, chef du <a href=\"http:\/\/www.michelguerard.com\/\">restaurant Les Pr\u00e9s d&rsquo;Eug\u00e9nie<\/a>, 3 \u00e9toiles, Christian Constant, 1 \u00e9toile au Michelin et ancien jury de Top Chef, Arnaud Donckele, chef du <a href=\"http:\/\/www.residencepinede.fr\/\">restaurant la r\u00e9sidence de la Pin\u00e8de<\/a>, 3 \u00e9toiles au Guide Michelin, Eric Gu\u00e9rin chef du <a href=\"http:\/\/www.mareauxoiseaux.fr\/\">restaurant la Mare aux oiseaux<\/a>, une \u00e9toile au Guide Michelin, Christian Le Squer , 2 \u00e9toiles au Guide Michelin, Fabrice Prochasson, Ma\u00eetre ouvrier de France, Yves Camdeborde, chef de la bistronomie fran\u00e7aise et Marc Meneau, grand chef cuisinier fran\u00e7ais du <a href=\"http:\/\/www.marc-meneau-esperance.com\/\">restaurant l&rsquo;Esp\u00e9rance<\/a>, actuellement en liquidation judiciaire. Sans oublier, les anciens ! Pierre Aug\u00e9, Top chef 2014 et Olivier Streiff avec son maquillage !<\/p>\n<p>Une \u00e9mission qui s&rsquo;annonce encore originale au Puy du Fou avec Fabrice Prochasson et un historique de produits fran\u00e7ais et de la cuisine.<\/p>\n<p><strong><em>Qui sont les candidats ?<\/em><\/strong><\/p>\n<p>C&rsquo;est quand m\u00eame la question que tout le monde se pose ! Alors voici la r\u00e9ponse et les 16 nouveaux candidats de la 7\u00e8me \u00e9dition de Top Chef.<\/p>\n<div class=\" block_30\"><br \/>\n<img loading=\"lazy\" class=\" wp-image-8314 size-full alignnone\" src=\"https:\/\/static.restovisio.com\/uploads\/2016\/01\/Xavierpincemin.jpg\" alt=\"Xavierpincemin\" width=\"250\" height=\"250\" srcset=\"https:\/\/static.restovisio.com\/uploads\/2016\/01\/Xavierpincemin.jpg 250w, https:\/\/static.restovisio.com\/uploads\/2016\/01\/Xavierpincemin-150x150.jpg 150w, https:\/\/static.restovisio.com\/uploads\/2016\/01\/Xavierpincemin-144x144.jpg 144w\" sizes=\"(max-width: 250px) 100vw, 250px\" \/><br \/>\n<\/div>\n<div class=\" block_70\"><\/p>\n<p class=\"p1\">Xavier Pincemin, 25 ans. Second de cuisine au <a href=\"http:\/\/www.trianonpalace.fr\/\">Trianon de Versailles<\/a>, le restaurant de Gordon Ramsay. \u00c7a suffit pour vous mettre dans l\u2019ambiance non ?<\/p>\n<p><\/div>\n<div class=\" block_30\"><br \/>\n<img loading=\"lazy\" class=\" size-full wp-image-8315 alignnone\" src=\"https:\/\/static.restovisio.com\/uploads\/2016\/01\/wilfriedgraux.jpg\" alt=\"wilfriedgraux\" width=\"250\" height=\"250\" srcset=\"https:\/\/static.restovisio.com\/uploads\/2016\/01\/wilfriedgraux.jpg 250w, https:\/\/static.restovisio.com\/uploads\/2016\/01\/wilfriedgraux-150x150.jpg 150w, https:\/\/static.restovisio.com\/uploads\/2016\/01\/wilfriedgraux-144x144.jpg 144w\" sizes=\"(max-width: 250px) 100vw, 250px\" \/><br \/>\n<\/div>\n<div class=\" block_70\"><\/p>\n<p class=\"p1\">Wilfried Graux, 27 ans. De grandes tables et de grands \u00e9tablissements : H\u00f4tel du Louvre, Sofitel Paris, AOC NY et aujourd\u2019hui, il est le chef du <a href=\"http:\/\/www.restovisio.com\/restaurant\/molitor-6369.htm\">restaurant de la Piscine Molitor<\/a> \u00e0 Paris aux c\u00f4t\u00e9s de Julien Mercier.<\/p>\n<p><\/div>\n<div class=\" block_30\"><br \/>\n<img loading=\"lazy\" class=\" size-full wp-image-8316 alignnone\" src=\"https:\/\/static.restovisio.com\/uploads\/2016\/01\/thomasmurer.jpg\" alt=\"thomasmurer\" width=\"250\" height=\"250\" srcset=\"https:\/\/static.restovisio.com\/uploads\/2016\/01\/thomasmurer.jpg 250w, https:\/\/static.restovisio.com\/uploads\/2016\/01\/thomasmurer-150x150.jpg 150w, https:\/\/static.restovisio.com\/uploads\/2016\/01\/thomasmurer-144x144.jpg 144w\" sizes=\"(max-width: 250px) 100vw, 250px\" \/><\/p>\n<p><\/div>\n<div class=\" block_70\"><\/p>\n<p class=\"p1\">Thomas Murer, 27 ans : \u00a0Un tour du monde des plus grandes cuisines pour devenir second de cuisine \u00e0 la Mirabelle, au Luxembourg.<\/p>\n<p><\/div>\n<div class=\" block_30\"><br \/>\n<img loading=\"lazy\" class=\" size-full wp-image-8317 alignnone\" src=\"https:\/\/static.restovisio.com\/uploads\/2016\/01\/sarahgade.jpg\" alt=\"sarahgade\" width=\"250\" height=\"250\" srcset=\"https:\/\/static.restovisio.com\/uploads\/2016\/01\/sarahgade.jpg 250w, https:\/\/static.restovisio.com\/uploads\/2016\/01\/sarahgade-150x150.jpg 150w, https:\/\/static.restovisio.com\/uploads\/2016\/01\/sarahgade-144x144.jpg 144w\" sizes=\"(max-width: 250px) 100vw, 250px\" \/><\/p>\n<p><\/div>\n<div class=\" block_70\"><\/p>\n<p class=\"p1\">Sarah Gade, 25 ans. \u00a0Les \u00e9toiles, elle les connait bien et particuli\u00e8rement celles de Christian Constant avec qui elle a travaill\u00e9 mais qu\u2019elle n\u2019aura pas la chance d\u2019avoir comme jury cette ann\u00e9e. Elle est aujourd\u2019hui sous chef au restaurant le Relais Saint Germain\u00a0\u00e0 Paris.<\/p>\n<p><\/div>\n<div class=\" block_30\"><br \/>\n<img loading=\"lazy\" class=\" size-full wp-image-8318 alignnone\" src=\"https:\/\/static.restovisio.com\/uploads\/2016\/01\/pierremeneau.jpg\" alt=\"pierremeneau\" width=\"250\" height=\"250\" srcset=\"https:\/\/static.restovisio.com\/uploads\/2016\/01\/pierremeneau.jpg 250w, https:\/\/static.restovisio.com\/uploads\/2016\/01\/pierremeneau-150x150.jpg 150w, https:\/\/static.restovisio.com\/uploads\/2016\/01\/pierremeneau-144x144.jpg 144w\" sizes=\"(max-width: 250px) 100vw, 250px\" \/><\/p>\n<p><\/div>\n<div class=\" block_70\"><\/p>\n<p class=\"p1\">Pierre Meneau, 29 ans .C\u2019est apparemment celui qu\u2019on attend au tournant cette ann\u00e9e. Il est le chef du tr\u00e8s \u00e0 la mode <a href=\"http:\/\/www.cromexquis.com\/fr\/bistrot-paris-rue-d-astorg.php\">restaurant Crom\u2019exquis<\/a> \u00e0 Paris et le fils de Marc Meneau, chef longtemps \u00e9toil\u00e9 \u00e0 la t\u00eate du restaurant L\u2019Esp\u00e9rance \u00e0 Saint P\u00e8re en Bourgogne. L\u2019audacieux de cette nouvelle \u00e9dition ?<\/p>\n<p><\/div>\n<div class=\" block_30\"><br \/>\n<img loading=\"lazy\" class=\" size-full wp-image-8319 alignnone\" src=\"https:\/\/static.restovisio.com\/uploads\/2016\/01\/gabrielevin.jpg\" alt=\"gabrielevin\" width=\"250\" height=\"250\" srcset=\"https:\/\/static.restovisio.com\/uploads\/2016\/01\/gabrielevin.jpg 250w, https:\/\/static.restovisio.com\/uploads\/2016\/01\/gabrielevin-150x150.jpg 150w, https:\/\/static.restovisio.com\/uploads\/2016\/01\/gabrielevin-144x144.jpg 144w\" sizes=\"(max-width: 250px) 100vw, 250px\" \/><\/p>\n<p><\/div>\n<div class=\" block_70\"><\/p>\n<p class=\"p1\">Gabriel Evin, 22 ans. Fraicheur et bonne humeur sont au rendez-vous, attention \u00e0 ce petit bout d\u2019\u00e9nergie actuellement second de cuisine du chef Eric Laporal au <a href=\"http:\/\/www.restaurantlesabayon.com\/\">restaurant le Sabayon<\/a> \u00e0 Morangis.\u00a0Le pro de ce classique culinaire ?<\/p>\n<p><\/div>\n<div class=\" block_30\"><br \/>\n<img loading=\"lazy\" class=\" size-full wp-image-8320 alignnone\" src=\"https:\/\/static.restovisio.com\/uploads\/2016\/01\/franckradiu.jpg\" alt=\"franckradiu\" width=\"250\" height=\"250\" srcset=\"https:\/\/static.restovisio.com\/uploads\/2016\/01\/franckradiu.jpg 250w, https:\/\/static.restovisio.com\/uploads\/2016\/01\/franckradiu-150x150.jpg 150w, https:\/\/static.restovisio.com\/uploads\/2016\/01\/franckradiu-144x144.jpg 144w\" sizes=\"(max-width: 250px) 100vw, 250px\" \/><\/p>\n<p><\/div>\n<div class=\" block_70\"><\/p>\n<p class=\"p1\">Frank Radiu, 35 ans. Proche de Pierre Aug\u00e9 Top chef 2014, il a fait ses classes au Bristol en tant que p\u00e2tissier et au Ritz \u00e0 Barcelone. Apr\u00e8s avoir travaill\u00e9 au <a href=\"http:\/\/www.restovisio.com\/restaurant\/la-maison-de-petit-pierre-431.htm\">restaurant la Maison de Petit Pierre<\/a> et au restaurant les Avernes, il ouvre son propre restaurant O Fagot en 2014 \u00e0 Balras-Plage. Qui a dit que tatouages et cuisine ne faisaient pas bon m\u00e9nage ?<\/p>\n<p><\/div>\n<div class=\" block_30\"><br \/>\n<img loading=\"lazy\" class=\" size-full wp-image-8321 alignnone\" src=\"https:\/\/static.restovisio.com\/uploads\/2016\/01\/pierreeon.jpg\" alt=\"pierreeon\" width=\"250\" height=\"250\" srcset=\"https:\/\/static.restovisio.com\/uploads\/2016\/01\/pierreeon.jpg 250w, https:\/\/static.restovisio.com\/uploads\/2016\/01\/pierreeon-150x150.jpg 150w, https:\/\/static.restovisio.com\/uploads\/2016\/01\/pierreeon-144x144.jpg 144w\" sizes=\"(max-width: 250px) 100vw, 250px\" \/><\/p>\n<p><\/div>\n<div class=\" block_70\"><\/p>\n<p class=\"p1\">Pierre Eon, 25 ans. Le breton. \u00a0La Bretagne c\u2019est son pays natal et on risque de retrouver de l\u2019iode dans ses pr\u00e9parations. Mais pas que car c\u2019est le sud qui l&rsquo;a conquit ! Il est aujourd\u2019hui chef dans deux h\u00f4tels de luxe : Altapura \u00e0 Val Thorens en hiver et Villa Marie \u00e0 Saint -Tropez en printemps -\u00e9t\u00e9.<\/p>\n<p><\/div>\n<div class=\" block_30\"><br \/>\n<img loading=\"lazy\" class=\" size-full wp-image-8322 alignnone\" src=\"https:\/\/static.restovisio.com\/uploads\/2016\/01\/Nicolasseibold.jpg\" alt=\"Nicolasseibold\" width=\"250\" height=\"250\" srcset=\"https:\/\/static.restovisio.com\/uploads\/2016\/01\/Nicolasseibold.jpg 250w, https:\/\/static.restovisio.com\/uploads\/2016\/01\/Nicolasseibold-150x150.jpg 150w, https:\/\/static.restovisio.com\/uploads\/2016\/01\/Nicolasseibold-144x144.jpg 144w\" sizes=\"(max-width: 250px) 100vw, 250px\" \/><\/p>\n<p><\/div>\n<div class=\" block_70\"><\/p>\n<p class=\"p1\">Nicolas Seibold : 22 ans. Des grandes tables, des grands chefs, et du talent. Une force tranquille qui risque de faire des \u00e9tincelles ! Il est aujourd\u2019hui chef de partie au <a href=\"http:\/\/www.anne-sophie-pic.com\/content\/la-dame-de-pic\">restaurant la Dame de Pic <\/a>d\u2019Anne Sophie Pic. Attention les yeux !<\/p>\n<p><\/div>\n<div class=\" block_30\"><br \/>\n<img loading=\"lazy\" class=\" size-full wp-image-8323 alignnone\" src=\"https:\/\/static.restovisio.com\/uploads\/2016\/01\/Kevinroquet.jpg\" alt=\"Kevinroquet\" width=\"250\" height=\"250\" srcset=\"https:\/\/static.restovisio.com\/uploads\/2016\/01\/Kevinroquet.jpg 250w, https:\/\/static.restovisio.com\/uploads\/2016\/01\/Kevinroquet-150x150.jpg 150w, https:\/\/static.restovisio.com\/uploads\/2016\/01\/Kevinroquet-144x144.jpg 144w\" sizes=\"(max-width: 250px) 100vw, 250px\" \/><\/p>\n<p><\/div>\n<div class=\" block_70\"><\/p>\n<p class=\"p1\">Kevin Roquet, 23 ans. Cette ann\u00e9e, le belge c\u2019est lui ! C\u2019est sa 6\u00e8me candidature \u00e0 l\u2019\u00e9mission Top chef et cette fois \u00e7i c\u2019est la bonne ! Il est aujourd\u2019hui chef au restaurant la Gastronomie du Mayeur \u00e0 Wanze en Belgique.<\/p>\n<p><\/div>\n<div class=\" block_30\"><br \/>\n<img loading=\"lazy\" class=\" size-full wp-image-8324 alignnone\" src=\"https:\/\/static.restovisio.com\/uploads\/2016\/01\/joyastrid.jpg\" alt=\"joyastrid\" width=\"250\" height=\"250\" srcset=\"https:\/\/static.restovisio.com\/uploads\/2016\/01\/joyastrid.jpg 250w, https:\/\/static.restovisio.com\/uploads\/2016\/01\/joyastrid-150x150.jpg 150w, https:\/\/static.restovisio.com\/uploads\/2016\/01\/joyastrid-144x144.jpg 144w\" sizes=\"(max-width: 250px) 100vw, 250px\" \/><\/p>\n<p><\/div>\n<div class=\" block_70\"><\/p>\n<p class=\"p1\">Joy-Astrid Poinsot,\u00a025 ans . Institut Paul Bocuse puis restaurant Chez Camille, chez Joy Astrid la cuisine c\u2019est une affaire de famille et elle compte bien le prouver dans ses assiettes ! Elle travaille aujourd\u2019hui comme second de cuisine dans le restaurant de son p\u00e8re.<\/p>\n<p><\/div>\n<div class=\" block_30\"><br \/>\n<img loading=\"lazy\" class=\" size-full wp-image-8325 alignnone\" src=\"https:\/\/static.restovisio.com\/uploads\/2016\/01\/clementtorres.jpg\" alt=\"clementtorres\" width=\"250\" height=\"250\" srcset=\"https:\/\/static.restovisio.com\/uploads\/2016\/01\/clementtorres.jpg 250w, https:\/\/static.restovisio.com\/uploads\/2016\/01\/clementtorres-150x150.jpg 150w, https:\/\/static.restovisio.com\/uploads\/2016\/01\/clementtorres-144x144.jpg 144w\" sizes=\"(max-width: 250px) 100vw, 250px\" \/><\/p>\n<p><\/div>\n<div class=\" block_70\"><\/p>\n<p class=\"p1\">Cl\u00e9ment Torres,29 ans . La cuisine au d\u00e9part, c\u00a0\u2018\u00e9tait pas son dada. Prof de voile en Australie, il a d\u00e9croch\u00e9 un poste au restaurant l\u2019Hermitage \u00e0 Perth. Il d\u00e9couvre une v\u00e9ritable passion pour la cuisine et en rentrant en France entre dans les cuisines en tant que Second au restaurant Au Temps pass\u00e9 \u00e0 Toulouse.<\/p>\n<p><\/div>\n<div class=\" block_30\"><br \/>\n<img loading=\"lazy\" class=\" size-full wp-image-8326 alignnone\" src=\"https:\/\/static.restovisio.com\/uploads\/2016\/01\/clementbruneau.jpg\" alt=\"clementbruneau\" width=\"250\" height=\"250\" srcset=\"https:\/\/static.restovisio.com\/uploads\/2016\/01\/clementbruneau.jpg 250w, https:\/\/static.restovisio.com\/uploads\/2016\/01\/clementbruneau-150x150.jpg 150w, https:\/\/static.restovisio.com\/uploads\/2016\/01\/clementbruneau-144x144.jpg 144w\" sizes=\"(max-width: 250px) 100vw, 250px\" \/><\/p>\n<p><\/div>\n<div class=\" block_70\"><\/p>\n<p class=\"p1\">Cl\u00e9ment Bruneau, 34 ans : Parcours sans faute et dans de grandes maisons \u00e9toil\u00e9es avec le talent de p\u00e2tissier, il est aussi pass\u00e9 c\u00f4t\u00e9 sal\u00e9 et travaille aujourd\u2019hui comme second de cuisine au restaurant Au prince Noir, 1 \u00e9toile \u00e0 Lormont aupr\u00e8s du chef Vivien Durand.<\/p>\n<p><\/div>\n<div class=\" block_30\"><br \/>\n<img loading=\"lazy\" class=\" size-full wp-image-8327 alignnone\" src=\"https:\/\/static.restovisio.com\/uploads\/2016\/01\/charlesgantois.jpg\" alt=\"charlesgantois\" width=\"250\" height=\"250\" srcset=\"https:\/\/static.restovisio.com\/uploads\/2016\/01\/charlesgantois.jpg 250w, https:\/\/static.restovisio.com\/uploads\/2016\/01\/charlesgantois-150x150.jpg 150w, https:\/\/static.restovisio.com\/uploads\/2016\/01\/charlesgantois-144x144.jpg 144w\" sizes=\"(max-width: 250px) 100vw, 250px\" \/><\/p>\n<p><\/div>\n<div class=\" block_70\"><\/p>\n<p class=\"p1\">Charles Gantois, 20 ans. C\u2019est lui le Benjamin. Il a remport\u00e9 avec brio l\u2019\u00e9mission Objectif Top chef . Originaire de Vosges et commis de cuisine \u00e0 la Table de Patrick Raingeard, il donnera du fil \u00e0 retorde aux autres candidats !<\/p>\n<p><\/div>\n<div class=\" block_30\"><br \/>\n<img loading=\"lazy\" class=\" size-full wp-image-8328 alignnone\" src=\"https:\/\/static.restovisio.com\/uploads\/2016\/01\/alexandremoorman.jpg\" alt=\"alexandremoorman\" width=\"250\" height=\"250\" srcset=\"https:\/\/static.restovisio.com\/uploads\/2016\/01\/alexandremoorman.jpg 250w, https:\/\/static.restovisio.com\/uploads\/2016\/01\/alexandremoorman-150x150.jpg 150w, https:\/\/static.restovisio.com\/uploads\/2016\/01\/alexandremoorman-144x144.jpg 144w\" sizes=\"(max-width: 250px) 100vw, 250px\" \/><\/p>\n<p><\/div>\n<div class=\" block_70\"><\/p>\n<p class=\"p1\">Alexandre Moorman, 30 ans. \u00ab\u00a0 Hyp\u00e9ractif, cr\u00e9atif, \u00e9picurien\u00a0\u00bb, c\u2019est lui qu\u2019il dit ! Les id\u00e9es fusent et sa cuisine aussi. Chef du traiteur de la Villa Lorraine en Meurthe et Moselle, il a ouvert son \u00e9tablissement de Sandwichs \u00e0 Bruxelles, le croque en ville.<\/p>\n<p><\/div>\n<div class=\" block_30\"><br \/>\n<img loading=\"lazy\" class=\" size-full wp-image-8329 alignnone\" src=\"https:\/\/static.restovisio.com\/uploads\/2016\/01\/colinefaulquier.jpg\" alt=\"colinefaulquier\" width=\"250\" height=\"250\" srcset=\"https:\/\/static.restovisio.com\/uploads\/2016\/01\/colinefaulquier.jpg 250w, https:\/\/static.restovisio.com\/uploads\/2016\/01\/colinefaulquier-150x150.jpg 150w, https:\/\/static.restovisio.com\/uploads\/2016\/01\/colinefaulquier-144x144.jpg 144w\" sizes=\"(max-width: 250px) 100vw, 250px\" \/><\/p>\n<p><\/div>\n<div class=\" block_70\"><\/p>\n<p class=\"p1\">Coline Faulquier : 26 ans. Chef \u00e0 domicile ( Les d\u00eeners Faulquier) \u00e0 Marseille, elle est pass\u00e9e par l\u00a0\u2018\u00e9cole Ferrandi et par de grandes maisons notamment Eric Fr\u00e9chon au Bristol. Chef et Maman, cr\u00e9ativit\u00e9 et sensibilit\u00e9 seront au rendez-vous dans ses assiettes.<\/p>\n<p><\/div>\n<p class=\"p1\" style=\"text-align: center;\">Nous, on a d\u00e9j\u00e0 notre pr\u00e9f\u00e9r\u00e9.. et vous ? Rendez-vous lundi \u00e0 20h50 sur M6 !<\/p>\n<p class=\"p1\">Et en bonus, on a retrouv\u00e9 Alexis Braconnier, participant \u00e0 l&rsquo;\u00e9mission Top Chef au <a href=\"http:\/\/www.restovisio.com\/restaurant\/cafe-pelican-6882.htm\">restaurant le Caf\u00e9 P\u00e9lican <\/a>\u00e0 Paris.<\/p>\n<p class=\"p1\"><div class=\" block_video block_100\"><center>\n\t\t\t\t\t<iframe width=\"100%\" \n\t\t\t\t\t\theight=\"390\" \n\t\t\t\t\t\tborder=\"0\" \n\t\t\t\t\t\tframeborder=\"0\" \n\t\t\t\t\t\tscrolling=\"no\"\n\t\t\t\t\t\tallowfullscreen webkitallowfullscreen mozallowfullscreen\n\t\t\t\t\t\tsrc=\"http:\/\/www.restovisio.com\/api\/v2\/video\/embed.html?video_id=5105&source=embed&autostart=no&format=hd&bgcolor=000\">\n\t\t\t\t\t<\/iframe>\n\t\t\t\t<\/center><\/div><\/p>\n<p class=\"p1\"><\/p>\n","protected":false},"excerpt":{"rendered":"<p>Top Chef Saison 7 , J- 3 ! Rendez-vous lundi 25 janvier \u00e0 20h50 sur M6 pour retrouver sans surprise nos 4 chefs jurys de Top Chef et 16 nouveaux candidats, choisis parmi les chefs ou sous chefs de France et de Belgique. Qui sont-ils ? Quel est le programme ? Quelles sont les \u00e9preuves [&hellip;]<\/p>\n","protected":false},"author":192,"featured_media":8331,"comment_status":"closed","ping_status":"open","sticky":false,"template":"","format":"standard","meta":[],"categories":[120,1],"tags":[253,247,132,19,252,254],"aioseo_notices":[],"amp_enabled":true,"_links":{"self":[{"href":"https:\/\/www.restovisio.com\/blog\/wp-json\/wp\/v2\/posts\/8310"}],"collection":[{"href":"https:\/\/www.restovisio.com\/blog\/wp-json\/wp\/v2\/posts"}],"about":[{"href":"https:\/\/www.restovisio.com\/blog\/wp-json\/wp\/v2\/types\/post"}],"author":[{"embeddable":true,"href":"https:\/\/www.restovisio.com\/blog\/wp-json\/wp\/v2\/users\/192"}],"replies":[{"embeddable":true,"href":"https:\/\/www.restovisio.com\/blog\/wp-json\/wp\/v2\/comments?post=8310"}],"version-history":[{"count":8,"href":"https:\/\/www.restovisio.com\/blog\/wp-json\/wp\/v2\/posts\/8310\/revisions"}],"predecessor-version":[{"id":8341,"href":"https:\/\/www.restovisio.com\/blog\/wp-json\/wp\/v2\/posts\/8310\/revisions\/8341"}],"wp:featuredmedia":[{"embeddable":true,"href":"https:\/\/www.restovisio.com\/blog\/wp-json\/wp\/v2\/media\/8331"}],"wp:attachment":[{"href":"https:\/\/www.restovisio.com\/blog\/wp-json\/wp\/v2\/media?parent=8310"}],"wp:term":[{"taxonomy":"category","embeddable":true,"href":"https:\/\/www.restovisio.com\/blog\/wp-json\/wp\/v2\/categories?post=8310"},{"taxonomy":"post_tag","embeddable":true,"href":"https:\/\/www.restovisio.com\/blog\/wp-json\/wp\/v2\/tags?post=8310"}],"curies":[{"name":"wp","href":"https:\/\/api.w.org\/{rel}","templated":true}]}}