{"id":2954,"date":"2014-11-15T09:00:46","date_gmt":"2014-11-15T07:00:46","guid":{"rendered":"http:\/\/www.restovisio.com\/blog\/?p=2954"},"modified":"2014-12-04T16:27:26","modified_gmt":"2014-12-04T14:27:26","slug":"le-salon-du-blog-culinaire","status":"publish","type":"post","link":"https:\/\/www.restovisio.com\/blog\/general\/le-salon-du-blog-culinaire\/","title":{"rendered":"Le Salon du Blog Culinaire est de retour !"},"content":{"rendered":"<p style=\"text-align: center;\"><span style=\"color: #f27ddb;\"><em><strong>\u00e7a va cuisiner !\u00a0<\/strong><\/em><\/span><\/p>\n<p>Rendez-vous d\u00e8s aujourd&rsquo;hui pour la 7\u00e8me \u00e9dition du Salon du Blog culinaire \u00e0 Soissons !<\/p>\n<p>D\u00e9couvrez le programme !<\/p>\n<p><!--more--><\/p>\n<p>Organis\u00e9 par <span style=\"color: #f27ddb;\"><strong>750 grammes<\/strong><\/span>, le premier site de recettes sur internet, le Salon du Blog culinaire est devenu une tradition pour les bloggueurs food de la toile et le Grand Public. Depuis 6 ans, le <span style=\"color: #f27ddb;\"><strong>salon du blog culinaire<\/strong><\/span> r\u00e9unit les bloggueurs du pays pour un week-end d\u00e9di\u00e9 \u00e0 la Gastronomie. C&rsquo;est seulement depuis 2 ans, que celui ci est ouvert au grand public pour le plus grand plaisir des gourmands, gourmets et des passionn\u00e9s !<\/p>\n<p style=\"text-align: left;\">\n<p>De nombreuses d\u00e9monstrations auront lieu pendant ces 2 jours.<\/p>\n<p>Les bloggueurs et bloggueuses pr\u00e9pareront leurs sp\u00e9cialit\u00e9s. D\u00e9couvrez par exemple la Bloggueuse Pascale de \u00ab\u00a0<span style=\"color: #f27ddb;\"><strong>Mais pourquoi est-ce je vous raconte \u00e7a<\/strong><\/span> \u00a0\u00bb et \u00a0\u00bb <strong><span style=\"color: #f27ddb;\">C&rsquo;est moi qui l&rsquo;ai fait<\/span><\/strong>\u00a0\u00bb vous pr\u00e9parer les vrais falafels fa\u00e7on Street Food ou encore la Bloggueuse Lyne de \u00ab\u00a0<span style=\"color: #f27ddb;\"><strong>Epices et moi<\/strong><\/span>\u00a0\u00bb vous r\u00e9galer avec ses Boulettes v\u00e9g\u00e9tales de champignons et Butternut automnal.<\/p>\n<p>Le Chef <span style=\"color: #f27ddb;\"><strong>Philippe Conticini<\/strong><\/span> sera lui aussi une nouvelle fois de la partie pour r\u00e9galer vos yeux et vos papilles ! Il assurera des d\u00e9monstrations pendant ces 2 jours de gourmandise. Assistez \u00e0 sa pr\u00e9paration : G\u00e2teau roul\u00e9 \u00e0 base de p\u00e2te \u00e0 chou, garni de pavot ou de son petit nom : Roul\u00e9 pour mon chou !<\/p>\n<p>Pour les Bloggueurs, un pique nique sp\u00e9cial sera propos\u00e9 le samedi midi : chaque bloggeur devra pr\u00e9parer un met \u00e0 partager avec les autres bloggeurs ! Pour les visiteurs, vous pourrez d\u00e9guster les pr\u00e9parations toutes la journ\u00e9es en passant sur les stands.<\/p>\n<p>Samedi soir se tiendra la soir\u00e9e de Gala du <span style=\"color: #f27ddb;\"><strong>salon du blog culinaire<\/strong><\/span>. Le diner sera pr\u00e9par\u00e9 par les chefs et les \u00e9l\u00e8ves du lyc\u00e9e h\u00f4telier de Soissons o\u00f9 se tient le salon.\u00a0Le dimanche, un brunch est pr\u00e9vu pour tout le monde par l&rsquo;\u00e9quipe organisatrice du salon !<\/p>\n<p>Ce sont donc <span style=\"color: #f27ddb;\"><strong>50 d\u00e9gustations culinaires<\/strong><\/span> qui seront anim\u00e9es par les bloggeurs du salon, des ateliers pour enfant pour cuisiner en s&rsquo;amusant, des Master Class anim\u00e9 par des producteurs de la r\u00e9gion, un march\u00e9 gourmand avec des producteurs locaux et un espace Design cake.<\/p>\n<p><em><strong>Pour s&rsquo;y rendre :<\/strong><\/em><br \/>\nAbbaye de Soissons<\/p>\n<p><em><strong>Le prix :<\/strong><\/em><br \/>\n&#8211; 3 euros par adulte<br \/>\n&#8211; 2 euros par enfant de moins de 12 ans<br \/>\nLa somme sera r\u00e9colt\u00e9e et revers\u00e9e aux associations \u00e9tudiantes des lyc\u00e9es h\u00f4teliers de Soissons et G\u00e9rard de Nerval.<\/p>\n<p><span style=\"color: #f27ddb;\"><strong>Bonne d\u00e9gustation !<\/strong><\/span><\/p>\n","protected":false},"excerpt":{"rendered":"<p>\u00e7a va cuisiner !\u00a0 Rendez-vous d\u00e8s aujourd&rsquo;hui pour la 7\u00e8me \u00e9dition du Salon du Blog culinaire \u00e0 Soissons ! D\u00e9couvrez le programme !<\/p>\n","protected":false},"author":192,"featured_media":2956,"comment_status":"closed","ping_status":"open","sticky":false,"template":"","format":"standard","meta":[],"categories":[120,1,8],"tags":[],"aioseo_notices":[],"amp_enabled":true,"_links":{"self":[{"href":"https:\/\/www.restovisio.com\/blog\/wp-json\/wp\/v2\/posts\/2954"}],"collection":[{"href":"https:\/\/www.restovisio.com\/blog\/wp-json\/wp\/v2\/posts"}],"about":[{"href":"https:\/\/www.restovisio.com\/blog\/wp-json\/wp\/v2\/types\/post"}],"author":[{"embeddable":true,"href":"https:\/\/www.restovisio.com\/blog\/wp-json\/wp\/v2\/users\/192"}],"replies":[{"embeddable":true,"href":"https:\/\/www.restovisio.com\/blog\/wp-json\/wp\/v2\/comments?post=2954"}],"version-history":[{"count":8,"href":"https:\/\/www.restovisio.com\/blog\/wp-json\/wp\/v2\/posts\/2954\/revisions"}],"predecessor-version":[{"id":3253,"href":"https:\/\/www.restovisio.com\/blog\/wp-json\/wp\/v2\/posts\/2954\/revisions\/3253"}],"wp:featuredmedia":[{"embeddable":true,"href":"https:\/\/www.restovisio.com\/blog\/wp-json\/wp\/v2\/media\/2956"}],"wp:attachment":[{"href":"https:\/\/www.restovisio.com\/blog\/wp-json\/wp\/v2\/media?parent=2954"}],"wp:term":[{"taxonomy":"category","embeddable":true,"href":"https:\/\/www.restovisio.com\/blog\/wp-json\/wp\/v2\/categories?post=2954"},{"taxonomy":"post_tag","embeddable":true,"href":"https:\/\/www.restovisio.com\/blog\/wp-json\/wp\/v2\/tags?post=2954"}],"curies":[{"name":"wp","href":"https:\/\/api.w.org\/{rel}","templated":true}]}}