{"id":2863,"date":"2014-11-05T09:00:21","date_gmt":"2014-11-05T07:00:21","guid":{"rendered":"http:\/\/www.restovisio.com\/blog\/?p=2863"},"modified":"2016-12-29T15:15:52","modified_gmt":"2016-12-29T14:15:52","slug":"alexandre-gauthier-etoile-au-sommet","status":"publish","type":"post","link":"https:\/\/www.restovisio.com\/blog\/general\/alexandre-gauthier-etoile-au-sommet\/","title":{"rendered":"Alexandre Gauthier, \u00e9toile au sommet !"},"content":{"rendered":"<p>Lundi 27 octobre, le <span style=\"color: #f27ddb;\"><strong>Gault et Millau<\/strong><\/span> a r\u00e9compens\u00e9 le Cuisinier de l&rsquo;ann\u00e9e Yannick All\u00e9no devant un parterre \u00e9toil\u00e9 de chefs.<\/p>\n<p>A cette occasion, deux chefs ont d\u00e9croch\u00e9 \u00a0les <span style=\"color: #f27ddb;\"><strong>5 toques<\/strong><\/span> du fameux guide de restaurants : Fr\u00e9d\u00e9ric Anton et <span style=\"color: #f27ddb;\"><strong>Alexandre Gauthier<\/strong><\/span>. Nous avions rencontr\u00e9 ce dernier en 2013 pour une interview gourmande au coeur de son <span style=\"color: #f27ddb;\"><strong>restaurant La Grenouill\u00e8re<\/strong><\/span> \u00e0 La-Madelaine-sous-Montreuil.<\/p>\n<h3 style=\"text-align: center;\"><span style=\"color: #f27ddb;\"><strong>Retour sur un Chef de 35 ans, majestueux et d\u00e9j\u00e0 mentionn\u00e9 parmi les plus grands du monde.<\/strong><\/span><\/h3>\n<p><!--more--><\/p>\n<p><span style=\"color: #f27ddb;\"><strong>Alexandre Gauthier<\/strong> <\/span>a grandi aux c\u00f4t\u00e9s de son p\u00e8re, chef du restaurant la Grenouill\u00e8re, o\u00f9 les cuisses de grenouilles avaient une excellente r\u00e9putation !<\/p>\n<p>En 2003, <span style=\"color: #f27ddb;\"><strong>Alexandre Gaultier<\/strong><\/span> prend la suite de son p\u00e8re pour redonner un air de jeunesse \u00e0 la cuisine et \u00e0 l&rsquo;ambiance du restaurant.<\/p>\n<p><span style=\"color: #f27ddb;\"><strong>Le pari d&rsquo;Alexandre Gauthier ?<\/strong><\/span><\/p>\n<p>Investir la maison familiale et la r\u00e9inventer tant dans la d\u00e9coration, l&rsquo;ambiance et la cuisine qu&rsquo;il va proposer.<\/p>\n<p>En<span style=\"color: #f27ddb;\"><strong> 2007<\/strong><\/span>, Alexandre Gauthier ouvre Froggy&rsquo;s Tavern, une r\u00f4tisserie contemporaine \u00e0 Montreuil-sur-mer, un concept innovant qui s\u00e9duit les amateurs de viande en association avec William Elliot.<\/p>\n<p>En <span style=\"color: #f27ddb;\"><strong>2009<\/strong><\/span>, le Channel ouvre ses portes \u00e0 Calais, un restaurant et bistrot en partenariat avec Fabrice Lextrait au sein de la sc\u00e8ne nationale du Channel.<\/p>\n<p>En <span style=\"color: #f27ddb;\"><strong>2011<\/strong><\/span>, le <span style=\"color: #f27ddb;\"><strong>restaurant la Grenouill\u00e8re<\/strong><\/span>, ancienne ferme d\u00e9j\u00e0 r\u00e9am\u00e9nag\u00e9e en restaurant dans les ann\u00e9es 30 fait peau neuve gr\u00e2ce Patrick Bouchain. L&rsquo;aventure du<span style=\"color: #f27ddb;\"><strong> restaurant la Grenouill\u00e8re<\/strong><\/span> telle qu&rsquo;on le connait aujourd&rsquo;hui commence&#8230;<\/p>\n<p>En parall\u00e8le \u00e0 ces deux ouvertures de restaurants, Alexandre Gauthier est propuls\u00e9 sur la sc\u00e8ne internationale de la gastronomie :<\/p>\n<p>En<strong><span style=\"color: #f27ddb;\"> 2005<\/span><\/strong>, il est le <span style=\"color: #f27ddb;\"><em>laur\u00e9at<\/em><\/span> Food France<\/p>\n<p>En <span style=\"color: #f27ddb;\"><strong>2006<\/strong><\/span>, il devient la <span style=\"color: #f27ddb;\"><em>r\u00e9v\u00e9lation Omnivore<\/em><\/span> de l&rsquo;ann\u00e9e<\/p>\n<p>En<strong><span style=\"color: #f27ddb;\"> 2007<\/span><\/strong>, il est \u00e9lu <em><span style=\"color: #f27ddb;\">Grand Chef de demain<\/span> <\/em>par Gault et Millau<\/p>\n<p>En <span style=\"color: #f27ddb;\"><strong>2008<\/strong><\/span>, il obtient sa<em><span style=\"color: #f27ddb;\"> premi\u00e8re \u00e9toile Michelin<\/span><\/em><\/p>\n<p>En <strong><span style=\"color: #f27ddb;\">2009<\/span><\/strong>, il est \u00e9lu <em><span style=\"color: #f27ddb;\">Jeune Chef de demain<\/span> <\/em>par le magasine L&rsquo;Express<\/p>\n<p>En <strong><span style=\"color: #f27ddb;\">2010<\/span><\/strong>, il obtient la <em><span style=\"color: #f27ddb;\">76\u00e8me place<\/span><\/em> parmi les 100 meilleurs restaurants du monde du Magasine Restauration.<\/p>\n<p>En<span style=\"color: #f27ddb;\"><strong> 2012<\/strong><\/span>, il est nomm\u00e9 <span style=\"color: #f27ddb;\"><em>Chevalier de l&rsquo;ordre des arts et des lettres<\/em><\/span>.<\/p>\n<p>En <span style=\"color: #f27ddb;\"><strong>2013<\/strong><\/span>, le restaurant La Grenouill\u00e8re devient un \u00e9tablissement <em><span style=\"color: #f27ddb;\">Relais &amp; Ch\u00e2teaux<\/span><\/em> et class\u00e9 <em><span style=\"color: #f27ddb;\">54\u00e8me<\/span><\/em> parmi les meilleures tables mondiales par le Magasine britannique Restaurant.<\/p>\n<p>A 35 ans, Alexandre Gauthier a b\u00e2ti un empire, \u00ab\u00a0du beau et du bon\u00a0\u00bb car pour lui la cuisine passe par les go\u00fbts et les saveurs mais aussi par l&rsquo;esth\u00e9tique et l&rsquo;instant pr\u00e9sent.<\/p>\n<p>Son restaurant a \u00e9t\u00e9 agrandi. Les anciens b\u00e2timents sont rest\u00e9s d&rsquo;\u00e9poque. Il a fait construire deux grands chapiteaux en verre et en m\u00e9tal au sein de l&rsquo;ancienne ferme. La d\u00e9coration allie modernit\u00e9 et tradition, on s&rsquo;y sent comme \u00e0 la maison.<\/p>\n<p><span style=\"color: #f27ddb;\"><strong>Sa cuisine ? Une invention !<\/strong><\/span><\/p>\n<p>Du beau et du bon oui, mais ce que cherche Alexandre Gauthier c&rsquo;est <span style=\"color: #f27ddb;\"><strong>\u00e9tonner<\/strong><\/span>, <strong><span style=\"color: #f27ddb;\">impressionner<\/span><\/strong>, <strong><span style=\"color: #f27ddb;\">saisir<\/span><\/strong>, <strong><span style=\"color: #f27ddb;\">surprendre<\/span> <\/strong>et faire de la d\u00e9gustation au restaurant la Grenouill\u00e8re une exp\u00e9rience <span style=\"color: #f27ddb;\"><strong>unique<\/strong><\/span> et<strong><span style=\"color: #f27ddb;\"> inoubliable<\/span><\/strong>. Il n&rsquo;aime pas le mot \u00ab\u00a0terroir\u00a0\u00bb et utilise les produits de son \u00ab\u00a0territoire\u00a0\u00bb issus de la p\u00eache, de la chasse et de la cueillette. Ils sont d&rsquo;une qualit\u00e9 exceptionnelle, rares et pr\u00e9cieux pour un chef.<\/p>\n<p><span style=\"color: #f27ddb;\"><strong>Son m\u00e9tier ?<\/strong> <\/span><\/p>\n<p>Les sublimer \u00e0 la perfection et cr\u00e9er des alliances parfaitement dos\u00e9es et r\u00e9inventer les produits populaires pour que le consommateur en fasse une lecture diff\u00e9rente.\u00a0 C&rsquo;est chose faite avec son menu d\u00e9gustation en <span style=\"color: #f27ddb;\"><strong>9 services<\/strong><\/span>. Ce sont volontairement le nom des produits qui d\u00e9finissent le nom des plats. Le reste , c&rsquo;est une \u00e9lectrochoc culinaire et esth\u00e9tique qui vous attend \u00e0 chaque bouch\u00e9e.<\/p>\n<p><img loading=\"lazy\" class=\"size-full wp-image-2868 alignleft\" src=\"http:\/\/static.restovisio.com\/uploads\/2014\/11\/Capture-d\u2019e\u0301cran-2014-11-04-a\u0300-15.55.05.png\" alt=\"Capture d\u2019e\u0301cran 2014-11-04 a\u0300 15.55.05\" width=\"721\" height=\"672\" srcset=\"https:\/\/static.restovisio.com\/uploads\/2014\/11\/Capture-d\u2019e\u0301cran-2014-11-04-a\u0300-15.55.05.png 721w, https:\/\/static.restovisio.com\/uploads\/2014\/11\/Capture-d\u2019e\u0301cran-2014-11-04-a\u0300-15.55.05-300x279.png 300w\" sizes=\"(max-width: 721px) 100vw, 721px\" \/><\/p>\n<p><span style=\"color: #f27ddb;\"><strong>Laissez-vous guider &#8230;<\/strong> <\/span><\/p>\n<p>&#8211; Fraises vertes et algues<br \/>\n&#8211; Couteau, blanc d&rsquo;oeuf fum\u00e9<br \/>\n&#8211; Mirabelle, blanc d&rsquo;oeuf , vinaigrette l\u00e9g\u00e8re<br \/>\n&#8211; Haricot beurre, cabillaud, point de cr\u00e8me fraiche, menthe &amp; pimprenelle<br \/>\n&#8211; C\u00e8pe, bl\u00e9 dur, d\u00e9s de jambon<br \/>\n&#8211; Raviole jaune, cr\u00e8me citron anchois<br \/>\n&#8211; Grenouilles meuni\u00e8res, citron<br \/>\n&#8211; Veau basse temp\u00e9rature, chips \u00e0 l&rsquo;ail, jus de cuisson, jus de persil, brioche \u00e0 la fleur de sel<br \/>\n&#8211; Miel<br \/>\n&#8211; P\u00eache, gentiane<br \/>\n&#8211; M\u00fbres sauvages et m\u00e9lasse<br \/>\n&#8211; Bulle du Marais, herbes fraiches, sorbet menthe, Panna cotta<\/p>\n<p>Des <span style=\"color: #f27ddb;\"><strong>bouch\u00e9es hautes coutures<\/strong><\/span> pour une addition \u00e0 90 euros.<\/p>\n<p><span style=\"color: #f27ddb;\"><strong>Le restaurant Grenouill\u00e8re ? <\/strong><\/span>Un des meilleurs restaurants du monde, tr\u00e9sor de la France, laboratoire de go\u00fbts et de saveurs o\u00f9 la cuisine devient un art \u00e0 part enti\u00e8re.<\/p>\n<p>&nbsp;<\/p>\n<p style=\"text-align: left;\"><span style=\"color: #f27ddb;\"><em>D\u00e9couvrez la vid\u00e9o du Chef Alexandre Gauthier r\u00e9alis\u00e9e pour Gault et Millau\u00a0 :\u00a0<\/em> <\/span><\/p>\n<p>&nbsp;<\/p>\n<div style=\"width: 1280px;\" class=\"wp-video\"><!--[if lt IE 9]><script>document.createElement('video');<\/script><![endif]-->\n<video class=\"wp-video-shortcode\" id=\"video-2863-1\" width=\"1280\" height=\"720\" poster=\"https:\/\/static.restovisio.com\/uploads\/2014\/11\/Capture-d\u2019e\u0301cran-2014-11-04-a\u0300-15.58.42.png\" preload=\"metadata\" controls=\"controls\"><source type=\"video\/mp4\" src=\"https:\/\/static.restovisio.com\/uploads\/2014\/11\/Gauthier.mp4?_=1\" \/><a href=\"https:\/\/static.restovisio.com\/uploads\/2014\/11\/Gauthier.mp4\">https:\/\/static.restovisio.com\/uploads\/2014\/11\/Gauthier.mp4<\/a><\/video><\/div>\n","protected":false},"excerpt":{"rendered":"<p>Lundi 27 octobre, le Gault et Millau a r\u00e9compens\u00e9 le Cuisinier de l&rsquo;ann\u00e9e Yannick All\u00e9no devant un parterre \u00e9toil\u00e9 de chefs. A cette occasion, deux chefs ont d\u00e9croch\u00e9 \u00a0les 5 toques du fameux guide de restaurants : Fr\u00e9d\u00e9ric Anton et Alexandre Gauthier. Nous avions rencontr\u00e9 ce dernier en 2013 pour une interview gourmande au coeur [&hellip;]<\/p>\n","protected":false},"author":192,"featured_media":2867,"comment_status":"closed","ping_status":"open","sticky":false,"template":"","format":"standard","meta":[],"categories":[120,15,1,8],"tags":[],"aioseo_notices":[],"amp_enabled":true,"_links":{"self":[{"href":"https:\/\/www.restovisio.com\/blog\/wp-json\/wp\/v2\/posts\/2863"}],"collection":[{"href":"https:\/\/www.restovisio.com\/blog\/wp-json\/wp\/v2\/posts"}],"about":[{"href":"https:\/\/www.restovisio.com\/blog\/wp-json\/wp\/v2\/types\/post"}],"author":[{"embeddable":true,"href":"https:\/\/www.restovisio.com\/blog\/wp-json\/wp\/v2\/users\/192"}],"replies":[{"embeddable":true,"href":"https:\/\/www.restovisio.com\/blog\/wp-json\/wp\/v2\/comments?post=2863"}],"version-history":[{"count":9,"href":"https:\/\/www.restovisio.com\/blog\/wp-json\/wp\/v2\/posts\/2863\/revisions"}],"predecessor-version":[{"id":2876,"href":"https:\/\/www.restovisio.com\/blog\/wp-json\/wp\/v2\/posts\/2863\/revisions\/2876"}],"wp:featuredmedia":[{"embeddable":true,"href":"https:\/\/www.restovisio.com\/blog\/wp-json\/wp\/v2\/media\/2867"}],"wp:attachment":[{"href":"https:\/\/www.restovisio.com\/blog\/wp-json\/wp\/v2\/media?parent=2863"}],"wp:term":[{"taxonomy":"category","embeddable":true,"href":"https:\/\/www.restovisio.com\/blog\/wp-json\/wp\/v2\/categories?post=2863"},{"taxonomy":"post_tag","embeddable":true,"href":"https:\/\/www.restovisio.com\/blog\/wp-json\/wp\/v2\/tags?post=2863"}],"curies":[{"name":"wp","href":"https:\/\/api.w.org\/{rel}","templated":true}]}}