{"id":262,"date":"2011-09-20T13:41:40","date_gmt":"2011-09-20T12:41:40","guid":{"rendered":"http:\/\/www.restovisio.com\/blog\/?p=262"},"modified":"2011-09-21T15:01:38","modified_gmt":"2011-09-21T14:01:38","slug":"fete-de-la-gastronomie-chasse-aux-tresors-culinaires-dans-la-capitale","status":"publish","type":"post","link":"https:\/\/www.restovisio.com\/blog\/restovisio-2\/fete-de-la-gastronomie-chasse-aux-tresors-culinaires-dans-la-capitale\/","title":{"rendered":"F\u00eate de la Gastronomie &#8211; Chasse aux tr\u00e9sors culinaires dans la capitale."},"content":{"rendered":"<p><span class=\"Apple-style-span\" style=\"font-weight: bold; font-size: medium;\"><strong>Inscrivez-vous au 1er \u00ab Rallye Cuisinez \u00bb le 23 septembre \u00e0 Paris<\/strong><\/span><strong>\u00a0<\/strong><\/p>\n<p>&nbsp;<\/p>\n<h2><strong>A vos boussoles pour une chasse au tr\u00e9sor culinaire !<\/strong><\/h2>\n<p>&nbsp;<\/p>\n<p>Participez au premier \u00ab\u00a0Rallye Cuisinez \u00bb, organis\u00e9 par le <strong>salon Cuisinez avec M6<\/strong> et <strong>L\u2019atelier des Chefs,<\/strong> \u00e0 l\u2019occasion de la <strong>F\u00eate de la Gastronomie<\/strong>.<\/p>\n<p>Ce rallye consiste en une s\u00e9rie d\u2019\u00e9preuves par \u00e9quipes, li\u00e9es aux lieux de la cuisine et de la gastronomie. Qualit\u00e9 des r\u00e9ponses, chronom\u00e8tre et bonne humeur feront la diff\u00e9rence !<\/p>\n<p><strong>Vous pouvez remporter des lots d\u2019exception : cours de cuisine, un d\u00e9jeuner pour 4, et d\u2019autres surprises \u00e0 la cl\u00e9 !<\/strong><br \/>\n<!--more--><\/p>\n<p><strong>Plus 1 minute \u00e0 perdre\u00a0: constituez votre \u00e9quipe de 4 personnes et REJOIGNEZ-NOUS : <a title=\"Inscription\" href=\"http:\/\/www.reedexpo.fr\/\" target=\"_blank\">les inscriptions sont encore ouvertes !<\/a><\/strong><\/p>\n<p>Le Top D\u00e9part aura lieu le vendredi 23 septembre \u00e0 9h00 en direct du March\u00e9 Gros-la-Fontaine dans le 16\u00e8 arrondissement de Paris (M\u00e9tro Ranelagh)<\/p>\n<p><span style=\"font-size: small;\"><strong><br \/>\n<\/strong><\/span><\/p>\n","protected":false},"excerpt":{"rendered":"<p>Inscrivez-vous au 1er \u00ab Rallye Cuisinez \u00bb le 23 septembre \u00e0 Paris\u00a0 &nbsp; A vos boussoles pour une chasse au tr\u00e9sor culinaire ! &nbsp; Participez au premier \u00ab\u00a0Rallye Cuisinez \u00bb, organis\u00e9 par le salon Cuisinez avec M6 et L\u2019atelier des Chefs, \u00e0 l\u2019occasion de la F\u00eate de la Gastronomie. Ce rallye consiste en une s\u00e9rie [&hellip;]<\/p>\n","protected":false},"author":192,"featured_media":264,"comment_status":"closed","ping_status":"open","sticky":false,"template":"","format":"standard","meta":[],"categories":[8],"tags":[],"aioseo_notices":[],"amp_enabled":true,"_links":{"self":[{"href":"https:\/\/www.restovisio.com\/blog\/wp-json\/wp\/v2\/posts\/262"}],"collection":[{"href":"https:\/\/www.restovisio.com\/blog\/wp-json\/wp\/v2\/posts"}],"about":[{"href":"https:\/\/www.restovisio.com\/blog\/wp-json\/wp\/v2\/types\/post"}],"author":[{"embeddable":true,"href":"https:\/\/www.restovisio.com\/blog\/wp-json\/wp\/v2\/users\/192"}],"replies":[{"embeddable":true,"href":"https:\/\/www.restovisio.com\/blog\/wp-json\/wp\/v2\/comments?post=262"}],"version-history":[{"count":0,"href":"https:\/\/www.restovisio.com\/blog\/wp-json\/wp\/v2\/posts\/262\/revisions"}],"wp:featuredmedia":[{"embeddable":true,"href":"https:\/\/www.restovisio.com\/blog\/wp-json\/wp\/v2\/media\/264"}],"wp:attachment":[{"href":"https:\/\/www.restovisio.com\/blog\/wp-json\/wp\/v2\/media?parent=262"}],"wp:term":[{"taxonomy":"category","embeddable":true,"href":"https:\/\/www.restovisio.com\/blog\/wp-json\/wp\/v2\/categories?post=262"},{"taxonomy":"post_tag","embeddable":true,"href":"https:\/\/www.restovisio.com\/blog\/wp-json\/wp\/v2\/tags?post=262"}],"curies":[{"name":"wp","href":"https:\/\/api.w.org\/{rel}","templated":true}]}}