{"id":2338,"date":"2014-09-22T10:51:14","date_gmt":"2014-09-22T08:51:14","guid":{"rendered":"http:\/\/www.restovisio.com\/blog\/?p=2338"},"modified":"2014-12-04T17:31:28","modified_gmt":"2014-12-04T15:31:28","slug":"un-chef-doeuvre-sur-france-2","status":"publish","type":"post","link":"https:\/\/www.restovisio.com\/blog\/general\/un-chef-doeuvre-sur-france-2\/","title":{"rendered":"Un \u00ab\u00a0Chef\u00a0\u00bb d&rsquo;oeuvre sur France 2 ?"},"content":{"rendered":"<p style=\"text-align: center;\"><span style=\"color: #f27ddb;\"><em><strong>Dans la peau d&rsquo;un chef et de sa brigade&#8230;<\/strong><\/em><\/span><\/p>\n<p>La date de diffusion reste encore incertaine mais il semblerait que France 2 se lance dans la gastronomie !<\/p>\n<p>Avec le feuilleton culinaire innovant <strong><span style=\"color: #f27ddb;\">\u00ab\u00a0Chef\u00a0\u00bb<\/span><\/strong>, France 2 d\u00e9cide de casser les codes de la t\u00e9l\u00e9-r\u00e9alit\u00e9 autour de la <span style=\"color: #f27ddb;\"><strong>cuisine<\/strong><\/span> de plus en plus difficile \u00e0 dig\u00e9rer apr\u00e8s des dizaines de saisons.<\/p>\n<p><!--more--><\/p>\n<p>Au coeur de la s\u00e9rie : <span style=\"color: #f27ddb;\"><strong>Clovis Cornillac<\/strong><\/span>, chef du restaurant Le Paris, second\u00e9 par Romain, jeune d\u00e9linquant. Intrigue, amour, \u00e9motions, suspense, la s\u00e9rie annonce une histoire attirante et un casting du petit \u00e9cran prometteur dont Hugo Becker et Annie Cordy.<\/p>\n<p>Le r\u00f4le de Chef, Clovis Cornillac n&rsquo;en a fait qu&rsquo;un bouch\u00e9e ! D\u00e9j\u00e0 \u00e0 la t\u00eate d&rsquo;un bistrot dans le centre de Lyon et coach\u00e9 sp\u00e9cialement par <span style=\"color: #f27ddb;\"><strong>Thierry Marx<\/strong><\/span> pour la s\u00e9rie, Clovis Cornillac endosse ce r\u00f4le \u00e0 la perfection. Le d\u00e9cor du <strong><span style=\"color: #f27ddb;\">restaurant Le Paris<\/span><\/strong> a \u00e9t\u00e9 inspir\u00e9 de la d\u00e9coration du <span style=\"color: #f27ddb;\"><strong>restaurant le Plaza Ath\u00e9n\u00e9e<\/strong><\/span>, grandiose donc !<\/p>\n<p>La sc\u00e8ne th\u00e9\u00e2trale devient le restaurant, o\u00f9 toute l&rsquo;intrigue se r\u00e9pand tout au long de la s\u00e9rie gr\u00e2ce \u00e0 la mise en sc\u00e8ne des deux sc\u00e9naristes de la saison : Arnaud Malherbe et Marion Festra\u00ebts. Un nouveau r\u00f4le pour Clovis Cornillac qu&rsquo;il semble connaitre \u00e0 la perfection et qui lui va comme une toque !<\/p>\n<p><span style=\"color: #f27ddb;\"><em><strong>Alors quels sont les ingr\u00e9dients de cette recette in\u00e9dite ?<\/strong><\/em><\/span><\/p>\n<p>La cr\u00e9ativit\u00e9, le risque, le casting et l&rsquo;hommage \u00e0 la gastronomie fran\u00e7aise ! Avec 6 \u00e9pisodes de 52 minutes, la premi\u00e8re saison de la s\u00e9rie risque de faire des gourmands et de donner l&rsquo;eau \u00e0 la bouche \u00e0 une grande majorit\u00e9 de fran\u00e7ais.<\/p>\n<p>Il parait que la saison 2 est d\u00e9j\u00e0 en route, les amateurs de cuisine vont \u00eatre conquis.<\/p>\n<p>A d\u00e9couvrir bient\u00f4t sur France 2 ! En attendant sortez vos fourchettes !<\/p>\n<p>&nbsp;<\/p>\n<p>&nbsp;<\/p>\n","protected":false},"excerpt":{"rendered":"<p>Dans la peau d&rsquo;un chef et de sa brigade&#8230; La date de diffusion reste encore incertaine mais il semblerait que France 2 se lance dans la gastronomie ! Avec le feuilleton culinaire innovant \u00ab\u00a0Chef\u00a0\u00bb, France 2 d\u00e9cide de casser les codes de la t\u00e9l\u00e9-r\u00e9alit\u00e9 autour de la cuisine de plus en plus difficile \u00e0 dig\u00e9rer [&hellip;]<\/p>\n","protected":false},"author":192,"featured_media":2341,"comment_status":"closed","ping_status":"open","sticky":false,"template":"","format":"standard","meta":[],"categories":[1,8],"tags":[],"aioseo_notices":[],"amp_enabled":true,"_links":{"self":[{"href":"https:\/\/www.restovisio.com\/blog\/wp-json\/wp\/v2\/posts\/2338"}],"collection":[{"href":"https:\/\/www.restovisio.com\/blog\/wp-json\/wp\/v2\/posts"}],"about":[{"href":"https:\/\/www.restovisio.com\/blog\/wp-json\/wp\/v2\/types\/post"}],"author":[{"embeddable":true,"href":"https:\/\/www.restovisio.com\/blog\/wp-json\/wp\/v2\/users\/192"}],"replies":[{"embeddable":true,"href":"https:\/\/www.restovisio.com\/blog\/wp-json\/wp\/v2\/comments?post=2338"}],"version-history":[{"count":5,"href":"https:\/\/www.restovisio.com\/blog\/wp-json\/wp\/v2\/posts\/2338\/revisions"}],"predecessor-version":[{"id":3299,"href":"https:\/\/www.restovisio.com\/blog\/wp-json\/wp\/v2\/posts\/2338\/revisions\/3299"}],"wp:featuredmedia":[{"embeddable":true,"href":"https:\/\/www.restovisio.com\/blog\/wp-json\/wp\/v2\/media\/2341"}],"wp:attachment":[{"href":"https:\/\/www.restovisio.com\/blog\/wp-json\/wp\/v2\/media?parent=2338"}],"wp:term":[{"taxonomy":"category","embeddable":true,"href":"https:\/\/www.restovisio.com\/blog\/wp-json\/wp\/v2\/categories?post=2338"},{"taxonomy":"post_tag","embeddable":true,"href":"https:\/\/www.restovisio.com\/blog\/wp-json\/wp\/v2\/tags?post=2338"}],"curies":[{"name":"wp","href":"https:\/\/api.w.org\/{rel}","templated":true}]}}