{"id":1249,"date":"2013-05-30T12:08:44","date_gmt":"2013-05-30T11:08:44","guid":{"rendered":"http:\/\/www.restovisio.com\/blog\/?p=1249"},"modified":"2016-01-05T12:00:03","modified_gmt":"2016-01-05T11:00:03","slug":"tastez","status":"publish","type":"post","link":"https:\/\/www.restovisio.com\/blog\/general\/tastez\/","title":{"rendered":"Tastez !"},"content":{"rendered":"<p style=\"text-align: center;\">Go\u00fbtez, go\u00fbtez, go\u00fbtez !<\/p>\n<p style=\"text-align: center;\">Rendez-vous les 7, 8,9 juin aux jardins des Tuileries pour la premi\u00e8re \u00e9dition de <strong><span style=\"color: #ff99cc;\">Taste of Paris<\/span><\/strong>\u00a0!<\/p>\n<p style=\"text-align: center;\">Depuis 2004, cet \u00e9v\u00e9nement culinaire sillonne les grandes villes du monde entier. D\u00e9j\u00e0 r\u00e9alis\u00e9 \u00e0 Londres, Dublin, Milan, Duba\u00ef, Sydney et Johannesburg, en 2013, c\u2019est le pays de la gastronomie qui ouvre ses portes \u00e0 <strong><span style=\"color: #ff99cc;\">Taste of Paris<\/span><\/strong>.<\/p>\n<p style=\"text-align: center;\">V\u00e9ritable restaurant g\u00e9ant et \u00e9ph\u00e9m\u00e8re, c\u2019est dans une ambiance festive et conviviale que vous go\u00fbterez les cr\u00e9ations des plus prestigieux restaurants \u00e9toil\u00e9s de Paris\u00a0!<\/p>\n<p><!--more--><\/p>\n<p style=\"text-align: center;\">Le but de l\u2019\u00e9v\u00e9nement tient en trois mots\u00a0: Toucher, Associer, profiter\u00a0!<\/p>\n<p style=\"text-align: center;\">Chaque ann\u00e9e, ce sont plus de 320 000 visiteurs curieux, amateurs et surtout gastronomes qui viennent s\u2019attabler aux grandes tables de l\u2019\u00e9v\u00e9nement <strong><span style=\"color: #ff99cc;\">Taste of Paris<\/span><\/strong>.<\/p>\n<p style=\"text-align: center;\">Cette ann\u00e9e, ce sont treize chefs \u00e9toil\u00e9s fran\u00e7ais qui sont invit\u00e9s \u00e0 vous pr\u00e9parer des plats plus succulents les uns que les autres et qui mettent \u00e0 l\u2019honneur la cuisine de leurs restaurants.<\/p>\n<p style=\"text-align: center;\">Fr\u00e9d\u00e9ric Th\u00e9venet et Alain Ducasse, chefs du <strong><span style=\"color: #ff99cc;\">restaurant Aux Lyonnais<\/span><\/strong> vous proposent des sp\u00e9cialit\u00e9s d\u2019un v\u00e9ritable Bouchon Lyonnais.<\/p>\n<p style=\"text-align: center;\">Christophe Saintage, chef du <strong><span style=\"color: #ff99cc;\">restaurant le Plazza Ath\u00e9n\u00e9e<\/span><\/strong> vous fait d\u00e9guster une cuisine gastronomique d\u2019exception.<\/p>\n<p style=\"text-align: center;\">Guy Martin, chef du <strong><span style=\"color: #ff99cc;\">restaurant le Grand V\u00e9four<\/span><\/strong>, autodidacte et passionn\u00e9 par la gastronomie vous pr\u00e9pare des cr\u00e9ations originales pour le plus grand plaisir de vos pupilles et de vos papilles.<\/p>\n<p style=\"text-align: center;\">Akrame Benallal, chef du <strong><span style=\"color: #ff99cc;\">restaurant Akrame<\/span><\/strong> vous emm\u00e8ne dans son univers le temps d\u2019une d\u00e9gustation.<\/p>\n<p style=\"text-align: center;\">Franck Baranger, chef du <span style=\"color: #ff99cc;\"><strong>restaurant Pantruche<\/strong><\/span>, vous r\u00e9gale avec une cuisine bistrot r\u00e9invent\u00e9e et d\u00e9licieuse.<\/p>\n<p style=\"text-align: center;\">Philippe Conticini, p\u00e2tissier de r\u00eaves vous invite \u00e0 la <strong><span style=\"color: #ff99cc;\">P\u00e2tisserie des R\u00eaves<\/span><\/strong> \u00e9ph\u00e9m\u00e8re pour d\u00e9guster ses merveilles sucr\u00e9es.<\/p>\n<p style=\"text-align: center;\">Bertrand Grebaut, chef du <strong><span style=\"color: #ff99cc;\">restaurant Septime<\/span> <\/strong>vous surprendra par ses m\u00e9langes de produits originaux.<\/p>\n<p style=\"text-align: center;\">Inaki Aizpitarte, chef des <span style=\"color: #ff99cc;\"><strong>restaurants le Chateaubriant et le Dauphin<\/strong><\/span> vous plonge dans sa cuisine Basque, d\u00e9gustation chaleureuse assur\u00e9e\u00a0!<\/p>\n<p style=\"text-align: center;\">Gilles Choukroun, chef du<span style=\"color: #ff99cc;\"><strong> restaurant MBC<\/strong><\/span>, vous fera d\u00e9couvrir sa cuisine Street Art , compl\u00e8tement dans l\u2019air du temps<\/p>\n<p style=\"text-align: center;\">Christopher Hache, chef du <strong><span style=\"color: #ff99cc;\">restaurant les Ambassadeurs<\/span><\/strong>, le restaurant de l\u2019H\u00f4tel Crillon, vous impressionnera par son talent et sa gastronomie hors-pair.<\/p>\n<p style=\"text-align: center;\">Thierry Marx, Jury de Top chef mais chef du <strong><span style=\"color: #ff99cc;\">restaurant le Mandarin Oriental<\/span><\/strong>, vous offrira un spectacle inoubliable lors de ses pr\u00e9parations.<\/p>\n<p style=\"text-align: center;\">Les Fr\u00e8res Pourcel, chefs du <strong><span style=\"color: #ff99cc;\">restaurant La Maison Blanche<\/span><\/strong>, perch\u00e9 sur le toit du Th\u00e9\u00e2tre des Champs Elys\u00e9es vous feront vivre une d\u00e9gustation inoubliable\u00a0!<\/p>\n<p style=\"text-align: center;\">William Ledeuil, chef du <span style=\"color: #ff99cc;\"><strong>restaurant The Kitchen Galerie<\/strong><\/span>, r\u00e9invente, sublime et cr\u00e9e sans cesse de nouvelles saveurs\u00a0! D\u00e9couvrez sa cuisine\u00a0!<\/p>\n<p style=\"text-align: center;\"><strong><span style=\"color: #ff99cc;\">Taste of Paris<\/span><\/strong> est le rendez-vous de tous les chefs\u00a0, un rendez-vous incontournable de la gastronomie\u00a0!<\/p>\n<p style=\"text-align: center;\">Venez l\u2019inaugurer aux Jardins des Tuileries les 7,\u00a08,9 juin\u00a02013\u00a0!<\/p>\n","protected":false},"excerpt":{"rendered":"<p>Go\u00fbtez, go\u00fbtez, go\u00fbtez ! Rendez-vous les 7, 8,9 juin aux jardins des Tuileries pour la premi\u00e8re \u00e9dition de Taste of Paris\u00a0! Depuis 2004, cet \u00e9v\u00e9nement culinaire sillonne les grandes villes du monde entier. D\u00e9j\u00e0 r\u00e9alis\u00e9 \u00e0 Londres, Dublin, Milan, Duba\u00ef, Sydney et Johannesburg, en 2013, c\u2019est le pays de la gastronomie qui ouvre ses portes [&hellip;]<\/p>\n","protected":false},"author":192,"featured_media":8114,"comment_status":"closed","ping_status":"closed","sticky":false,"template":"","format":"standard","meta":[],"categories":[15,1,8],"tags":[],"aioseo_notices":[],"amp_enabled":true,"_links":{"self":[{"href":"https:\/\/www.restovisio.com\/blog\/wp-json\/wp\/v2\/posts\/1249"}],"collection":[{"href":"https:\/\/www.restovisio.com\/blog\/wp-json\/wp\/v2\/posts"}],"about":[{"href":"https:\/\/www.restovisio.com\/blog\/wp-json\/wp\/v2\/types\/post"}],"author":[{"embeddable":true,"href":"https:\/\/www.restovisio.com\/blog\/wp-json\/wp\/v2\/users\/192"}],"replies":[{"embeddable":true,"href":"https:\/\/www.restovisio.com\/blog\/wp-json\/wp\/v2\/comments?post=1249"}],"version-history":[{"count":8,"href":"https:\/\/www.restovisio.com\/blog\/wp-json\/wp\/v2\/posts\/1249\/revisions"}],"predecessor-version":[{"id":8115,"href":"https:\/\/www.restovisio.com\/blog\/wp-json\/wp\/v2\/posts\/1249\/revisions\/8115"}],"wp:featuredmedia":[{"embeddable":true,"href":"https:\/\/www.restovisio.com\/blog\/wp-json\/wp\/v2\/media\/8114"}],"wp:attachment":[{"href":"https:\/\/www.restovisio.com\/blog\/wp-json\/wp\/v2\/media?parent=1249"}],"wp:term":[{"taxonomy":"category","embeddable":true,"href":"https:\/\/www.restovisio.com\/blog\/wp-json\/wp\/v2\/categories?post=1249"},{"taxonomy":"post_tag","embeddable":true,"href":"https:\/\/www.restovisio.com\/blog\/wp-json\/wp\/v2\/tags?post=1249"}],"curies":[{"name":"wp","href":"https:\/\/api.w.org\/{rel}","templated":true}]}}