{"id":12469,"date":"2017-03-21T17:20:14","date_gmt":"2017-03-21T16:20:14","guid":{"rendered":"http:\/\/www.restovisio.com\/blog\/?p=12469"},"modified":"2017-03-23T18:08:58","modified_gmt":"2017-03-23T17:08:58","slug":"le-restaurant-le-nube-1-an-deja-avec-le-chef-juan-arbelaez","status":"publish","type":"post","link":"https:\/\/www.restovisio.com\/blog\/general\/le-restaurant-le-nube-1-an-deja-avec-le-chef-juan-arbelaez\/","title":{"rendered":"Le restaurant le Nube : 1 an d\u00e9j\u00e0 avec le chef Juan Arbelaez !"},"content":{"rendered":"<p>Le restaurant le NUBE, dans le 8\u00e8me arrondissement de Paris, est situ\u00e9 au coeur de\u00a0l&rsquo;h\u00f4tel Marignan Champs-Elys\u00e9es.\u00a0Le chef Juan Arbelaez install\u00e9 depuis d\u00e9j\u00e0 1 an dans ce restaurant. Il a \u00e9t\u00e9 rejoint par Jean-Julien Freydt comme Chef P\u00e2tissier de l&rsquo;h\u00f4tel Marignan depuis quelques mois. A eux deux, ils proposent un repas plein de saveurs \u00e0 d\u00e9couvrir d&rsquo;urgence !<\/p>\n<p><!--more--><\/p>\n<p>NUBE qui signifie nuage en espagnol, permet \u00e0 Juan d&rsquo;exprimer tout son potentiel et de mettre en avant ses origines colombiennes. Le logo a quant \u00e0 lui \u00e9t\u00e9 revenu et dessin\u00e9 par un ami de Juan afin de donner sa touche personnelle au restaurant et se sentir comme chez lui.<\/p>\n<p>Voici\u00a0le repas que Juan Arbelaez nous a propos\u00e9 la semaine derni\u00e8re, aid\u00e9 par son \u00e9quipe de 10 personnes.<\/p>\n<p>Attention, si ces plats vous font envie, courrez-y vite ! Les plats changent toutes les semaines en fonction de l&rsquo;humeur du chef et des produits disponibles sur le march\u00e9. Juan est cependant tr\u00e8s flexible. Si vous n&rsquo;aimez pas un ingr\u00e9dient, n&rsquo;h\u00e9sitez pas \u00e0 lui dire, il fera son possible pour vous satisfaire \ud83d\ude42<\/p>\n<p><strong>Les Amuses bouches<br \/>\n<\/strong>Salade de pomme granny smith et sa cr\u00e8me, celeri<br \/>\nJus detox aux cranberries et son sabl\u00e9<\/p>\n<p><img loading=\"lazy\" class=\"wp-image-12473 aligncenter\" src=\"https:\/\/static.restovisio.com\/uploads\/2017\/03\/3.jpg\" alt=\"3\" width=\"800\" height=\"1067\" srcset=\"https:\/\/static.restovisio.com\/uploads\/2017\/03\/3.jpg 800w, https:\/\/static.restovisio.com\/uploads\/2017\/03\/3-225x300.jpg 225w, https:\/\/static.restovisio.com\/uploads\/2017\/03\/3-768x1024.jpg 768w\" sizes=\"(max-width: 800px) 100vw, 800px\" \/><img loading=\"lazy\" class=\"wp-image-12476 aligncenter\" src=\"https:\/\/static.restovisio.com\/uploads\/2017\/03\/5.jpg\" alt=\"5\" width=\"800\" height=\"1067\" srcset=\"https:\/\/static.restovisio.com\/uploads\/2017\/03\/5.jpg 800w, https:\/\/static.restovisio.com\/uploads\/2017\/03\/5-225x300.jpg 225w, https:\/\/static.restovisio.com\/uploads\/2017\/03\/5-768x1024.jpg 768w\" sizes=\"(max-width: 800px) 100vw, 800px\" \/><\/p>\n<p><strong>L&rsquo;entr\u00e9e :<\/strong>\u00a0P\u00e9lamide, bonites, agrumes, betteraves, fraises de bois, ricotta, limequat<br \/>\nLe cheviche est le plat signature de Juan Arbelaez, qu&rsquo;il met en permanence \u00e0 sa carte. Ce plat est cependant revisit\u00e9\u00a0toutes les semaines !<br \/>\nCette entr\u00e9e etait accompagn\u00e9e d&rsquo;un gaspacho de fraises bien rafraichissant ainsi que d&rsquo;un bouillon de coco citron vert.<\/p>\n<p><img loading=\"lazy\" class=\"aligncenter wp-image-12472\" src=\"https:\/\/static.restovisio.com\/uploads\/2017\/03\/2-1.jpg\" alt=\"2\" width=\"800\" height=\"1067\" srcset=\"https:\/\/static.restovisio.com\/uploads\/2017\/03\/2-1.jpg 800w, https:\/\/static.restovisio.com\/uploads\/2017\/03\/2-1-225x300.jpg 225w, https:\/\/static.restovisio.com\/uploads\/2017\/03\/2-1-768x1024.jpg 768w\" sizes=\"(max-width: 800px) 100vw, 800px\" \/><\/p>\n<p><strong>Le plat :<\/strong> porc ib\u00e9rique, poireaux, faisselle fum\u00e9e, moutarde de cr\u00e9mone. Le porc, pr\u00e9sent\u00e9 entier par Juan d\u00e8s la fin de l&rsquo;entr\u00e9e, a \u00e9t\u00e9 color\u00e9 \u00e0 la plancha puis cuit au four. La cuisson parfaite de ce plat permet au porc d&rsquo;\u00eatre fondant en bouche. La moutarde de cr\u00e9mone, qui a presque la texture de la glace permet de r\u00e9v\u00e9ler les diff\u00e9rentes saveurs. A tester !<br \/>\n<img loading=\"lazy\" class=\"aligncenter size-full wp-image-12471\" src=\"https:\/\/static.restovisio.com\/uploads\/2017\/03\/1-1.jpg\" alt=\"1\" width=\"800\" height=\"1067\" srcset=\"https:\/\/static.restovisio.com\/uploads\/2017\/03\/1-1.jpg 800w, https:\/\/static.restovisio.com\/uploads\/2017\/03\/1-1-225x300.jpg 225w, https:\/\/static.restovisio.com\/uploads\/2017\/03\/1-1-768x1024.jpg 768w\" sizes=\"(max-width: 800px) 100vw, 800px\" \/><\/p>\n<p><strong>Le dessert :<\/strong> tartelette souffl\u00e9e au chocolat, coriandre, glace curry. Un vrai d\u00e9lice ! La glace au curry reste un peu fort en bouche lorsqu&rsquo;elle est mang\u00e9 seule mais devient plus l\u00e9g\u00e8re avec les deux autres \u00e9l\u00e9ments de l&rsquo;assiette. La tartelette est parfaite et sera ravir tous les amateurs de chocolat !<\/p>\n<p><img loading=\"lazy\" class=\"aligncenter size-full wp-image-12474\" src=\"https:\/\/static.restovisio.com\/uploads\/2017\/03\/4.jpg\" alt=\"4\" width=\"800\" height=\"1067\" srcset=\"https:\/\/static.restovisio.com\/uploads\/2017\/03\/4.jpg 800w, https:\/\/static.restovisio.com\/uploads\/2017\/03\/4-225x300.jpg 225w, https:\/\/static.restovisio.com\/uploads\/2017\/03\/4-768x1024.jpg 768w\" sizes=\"(max-width: 800px) 100vw, 800px\" \/><\/p>\n<p>Le plus de ce restaurant est que si vous r\u00e9servez en utilisant le code BACKHOME, une personne vous raccompagnera en voiture jusque chez vous. Valable uniquement sur Paris intramuros !<\/p>\n<p>Le NUBE propose une quarantaine de plats assises. Allez-y vite !<\/p>\n<p>Restaurant ouvert\u00a0du mardi au samedi, de 12h \u00e0 14h30, puis de 19h \u00e0 22H<br \/>\nEntr\u00e9e + Plat du jour : 32\u20ac<br \/>\nD\u00e9gustation en 4 temps : 60\u20ac<br \/>\nD\u00e9gustation en 6 temps : 80\u20ac<br \/>\nBrunch Paris Bogota (avec le burger \u00ab\u00a0pampa\u00a0\u00bb sp\u00e9cialit\u00e9 de Juan) ou Cin\u00e9-Brunch : 54\u20ac<\/p>\n\n<p>Pour plus d&rsquo;informations sur Juan Arbelaez et l&rsquo;H\u00f4tel Marignan, c&rsquo;est <a href=\"http:\/\/www.restovisio.com\/blog\/actualites-culinaires\/restaurant-nube-paris\/\">ici <\/a>!<\/p>\n","protected":false},"excerpt":{"rendered":"<p>Le restaurant le NUBE, dans le 8\u00e8me arrondissement de Paris, est situ\u00e9 au coeur de\u00a0l&rsquo;h\u00f4tel Marignan Champs-Elys\u00e9es.\u00a0Le chef Juan Arbelaez install\u00e9 depuis d\u00e9j\u00e0 1 an dans ce restaurant. Il a \u00e9t\u00e9 rejoint par Jean-Julien Freydt comme Chef P\u00e2tissier de l&rsquo;h\u00f4tel Marignan depuis quelques mois. A eux deux, ils proposent un repas plein de saveurs \u00e0 [&hellip;]<\/p>\n","protected":false},"author":192,"featured_media":12492,"comment_status":"closed","ping_status":"open","sticky":false,"template":"","format":"standard","meta":[],"categories":[1,148],"tags":[196,108,342,434,817,399,43,816,815,132,818,19,3],"aioseo_notices":[],"amp_enabled":true,"_links":{"self":[{"href":"https:\/\/www.restovisio.com\/blog\/wp-json\/wp\/v2\/posts\/12469"}],"collection":[{"href":"https:\/\/www.restovisio.com\/blog\/wp-json\/wp\/v2\/posts"}],"about":[{"href":"https:\/\/www.restovisio.com\/blog\/wp-json\/wp\/v2\/types\/post"}],"author":[{"embeddable":true,"href":"https:\/\/www.restovisio.com\/blog\/wp-json\/wp\/v2\/users\/192"}],"replies":[{"embeddable":true,"href":"https:\/\/www.restovisio.com\/blog\/wp-json\/wp\/v2\/comments?post=12469"}],"version-history":[{"count":13,"href":"https:\/\/www.restovisio.com\/blog\/wp-json\/wp\/v2\/posts\/12469\/revisions"}],"predecessor-version":[{"id":12513,"href":"https:\/\/www.restovisio.com\/blog\/wp-json\/wp\/v2\/posts\/12469\/revisions\/12513"}],"wp:featuredmedia":[{"embeddable":true,"href":"https:\/\/www.restovisio.com\/blog\/wp-json\/wp\/v2\/media\/12492"}],"wp:attachment":[{"href":"https:\/\/www.restovisio.com\/blog\/wp-json\/wp\/v2\/media?parent=12469"}],"wp:term":[{"taxonomy":"category","embeddable":true,"href":"https:\/\/www.restovisio.com\/blog\/wp-json\/wp\/v2\/categories?post=12469"},{"taxonomy":"post_tag","embeddable":true,"href":"https:\/\/www.restovisio.com\/blog\/wp-json\/wp\/v2\/tags?post=12469"}],"curies":[{"name":"wp","href":"https:\/\/api.w.org\/{rel}","templated":true}]}}